{"id":3954,"date":"2018-01-31T15:47:02","date_gmt":"2018-01-31T15:47:02","guid":{"rendered":"https:\/\/www.cgs-cls.cz\/?p=3954"},"modified":"2024-06-18T12:05:10","modified_gmt":"2024-06-18T10:05:10","slug":"stanoviska-cgs-a-vzp-cr-k-vykladu-pojmu-kontraindikace-pro-systemovou-anti-tnf-bl-ve-vztahu-k-pouziti-lp-entyvio","status":"publish","type":"post","link":"https:\/\/www.cgs-cls.cz\/stanoviska-cgs-a-vzp-cr-k-vykladu-pojmu-kontraindikace-pro-systemovou-anti-tnf-bl-ve-vztahu-k-pouziti-lp-entyvio\/","title":{"rendered":"Stanoviska \u010cGS a VZP \u010cR k&nbsp;v\u00fdkladu pojmu kontraindikace pro syst\u00e9movou anti-TNF BL ve vztahu k&nbsp;pou\u017eit\u00ed LP Entyvio"},"content":{"rendered":"<p>V\u00e1\u017een\u00ed \u010dlenov\u00e9 \u010cesk\u00e9 gastroenterologick\u00e9 spole\u010dnosti,<\/p>\n<p>na z\u00e1klad\u011b p\u0159edchoz\u00edch jedn\u00e1n\u00ed PS IBD a po dohod\u011b s&nbsp;veden\u00edm VZP \u010cR byla p\u0159ijata spole\u010dn\u00e1 stanoviska \u010cGS a VZP \u010cR k&nbsp;v\u00fdkladu pojmu kontraindikace pro syst\u00e9movou anti-TNF biologickou l\u00e9\u010dbu ve vztahu k&nbsp;pou\u017eit\u00ed LP Entyvio.<\/p>\n<p>&nbsp;<\/p>\n<p>Vzhledem k&nbsp;tomu, \u017ee od 1.&nbsp;2.&nbsp;2018 vstupuj\u00ed v&nbsp;platnost podm\u00ednky S\u00daKL pro \u00fahradu LP Stelara, podepsali z\u00e1stupci \u010cGS a VZP \u010cR dv\u011b varianty tohoto stanoviska.<\/p>\n<p>&nbsp;<\/p>\n<p>Prvn\u00ed z&nbsp;nich je uvedeno zde a jeho platnost kon\u010d\u00ed 31.&nbsp;1.&nbsp;2018:<\/p>\n<p><a href=\"http:\/\/www.ibd-skupina.cz\/dokumenty\/Stanovisko_CGS_a_VZP_Entyvio_31012018.pdf\">http:\/\/www.ibd-skupina.cz\/dokumenty\/Stanovisko_CGS_a_VZP_Entyvio_31012018.pdf<\/a><\/p>\n<p>&nbsp;<\/p>\n<p>Druh\u00e9, s&nbsp;platnost\u00ed od 1.&nbsp;2.&nbsp;2018, je uvedeno zde:<\/p>\n<p><a href=\"http:\/\/www.ibd-skupina.cz\/dokumenty\/Stanovisko_CGS_a_VZP_Entyvio_01022018.pdf\">http:\/\/www.ibd-skupina.cz\/dokumenty\/Stanovisko_CGS_a_VZP_Entyvio_01022018.pdf<\/a><\/p>\n<p>&nbsp;<\/p>\n<p>Prof. MUDr. Milan Luk\u00e1\u0161, CSc.<\/p>\n<p>MUDr. Martin Bortl\u00edk, Ph.D.<\/p>\n","protected":false},"excerpt":{"rendered":"<p>V\u00e1\u017een\u00ed \u010dlenov\u00e9 \u010cesk\u00e9 gastroenterologick\u00e9 spole\u010dnosti, na z\u00e1klad\u011b p\u0159edchoz\u00edch jedn\u00e1n\u00ed PS IBD a po dohod\u011b s&nbsp;veden\u00edm VZP \u010cR byla p\u0159ijata spole\u010dn\u00e1 stanoviska \u010cGS a VZP \u010cR k&nbsp;v\u00fdkladu pojmu kontraindikace pro syst\u00e9movou anti-TNF biologickou l\u00e9\u010dbu ve vztahu k&nbsp;pou\u017eit\u00ed LP Entyvio. &nbsp; Vzhledem k&nbsp;tomu, \u017ee od 1.&nbsp;2.&nbsp;2018 vstupuj\u00ed v&nbsp;platnost podm\u00ednky S\u00daKL pro \u00fahradu LP Stelara, podepsali z\u00e1stupci \u010cGS <a class=\"read-more\" href=\"https:\/\/www.cgs-cls.cz\/stanoviska-cgs-a-vzp-cr-k-vykladu-pojmu-kontraindikace-pro-systemovou-anti-tnf-bl-ve-vztahu-k-pouziti-lp-entyvio\/\">[&#8230;]<\/a><\/p>\n","protected":false},"author":1,"featured_media":3393,"ping_status":"closed","sticky":false,"template":"","format":"standard","meta":{"_acf_changed":false},"categories":[1],"tags":[],"class_list":["post-3954","post","type-post","status-publish","has-post-thumbnail","hentry","category-uncategorized"],"acf":[],"_links":{"self":[{"href":"https:\/\/www.cgs-cls.cz\/api\/wp\/v2\/posts\/3954","targetHints":{"allow":["GET"]}}],"collection":[{"href":"https:\/\/www.cgs-cls.cz\/api\/wp\/v2\/posts"}],"about":[{"href":"https:\/\/www.cgs-cls.cz\/api\/wp\/v2\/types\/post"}],"author":[{"embeddable":true,"href":"https:\/\/www.cgs-cls.cz\/api\/wp\/v2\/users\/1"}],"version-history":[{"count":0,"href":"https:\/\/www.cgs-cls.cz\/api\/wp\/v2\/posts\/3954\/revisions"}],"wp:featuredmedia":[{"embeddable":true,"href":"https:\/\/www.cgs-cls.cz\/api\/wp\/v2\/media\/3393"}],"wp:attachment":[{"href":"https:\/\/www.cgs-cls.cz\/api\/wp\/v2\/media?parent=3954"}],"wp:term":[{"taxonomy":"category","embeddable":true,"href":"https:\/\/www.cgs-cls.cz\/api\/wp\/v2\/categories?post=3954"},{"taxonomy":"post_tag","embeddable":true,"href":"https:\/\/www.cgs-cls.cz\/api\/wp\/v2\/tags?post=3954"}],"curies":[{"name":"wp","href":"https:\/\/api.w.org\/{rel}","templated":true}]}}