{"id":6603,"date":"2021-03-23T17:52:24","date_gmt":"2021-03-23T16:52:24","guid":{"rendered":"https:\/\/www.cgs-cls.cz\/?p=6603"},"modified":"2024-06-18T12:05:08","modified_gmt":"2024-06-18T10:05:08","slug":"aktualni-informace-o-vakcinaci-ibd-pacientu-dle-soucasneho-pokynu-mz-cr","status":"publish","type":"post","link":"https:\/\/www.cgs-cls.cz\/aktualni-informace-o-vakcinaci-ibd-pacientu-dle-soucasneho-pokynu-mz-cr\/","title":{"rendered":"Aktu\u00e1ln\u00ed informace o vakcinaci IBD pacient\u016f dle sou\u010dasn\u00e9ho pokynu MZ \u010cR"},"content":{"rendered":"<div>\n<div>\n<p>Na z\u00e1klad\u011b aktu\u00e1ln\u00edho rozhodnut\u00ed ministra zdravotnictv\u00ed \u010cR do\u0161lo k&nbsp;roz\u0161\u00ed\u0159en\u00ed skupiny chronicky nemocn\u00fdch pacient\u016f, jim\u017e m\u016f\u017ee b\u00fdt poskytnut k\u00f3d pro registraci do Centr\u00e1ln\u00edho rezerva\u010dn\u00edho syst\u00e9mu pro o\u010dkov\u00e1n\u00ed proti COVID<span style=\"background-color: #ffffff;\">-19.<\/span><\/p>\n<\/div>\n<div><strong>Do aktu\u00e1ln\u00edho seznamu byli nov\u011b za\u0159azeni i nemocn\u00ed s&nbsp;idiopatick\u00fdmi st\u0159evn\u00edmi z\u00e1n\u011bty <a href=\"https:\/\/pacientskeorganizace.mzcr.cz\/res\/file\/dokumenty\/ockovani\/diagnozy-a-zdravotni-stavy_prioritni-ockovani_7-4-2021.pdf\">(viz p\u0159\u00edloha)<\/a>, a to s&nbsp;platnost\u00ed od pond\u011bl\u00ed 12.4.2021.<\/strong><\/div>\n<div>\n<p>Nad\u00e1le z\u016fst\u00e1v\u00e1 i mo\u017enost vakcinace pacient\u016f s&nbsp;IBD v&nbsp;ordinac\u00edch jejich praktick\u00fdch l\u00e9ka\u0159\u016f.<\/p>\n<\/div>\n<\/div>\n<div>\n<p>Za v\u00fdbor \u010cGS<\/p>\n<p>doc. MUDr. Martin Bortl\u00edk, Ph.D., koordin\u00e1tor Pracovn\u00ed skupiny pro idiopatick\u00e9 st\u0159evn\u00ed z\u00e1n\u011bty<\/p>\n<\/div>\n<p>&nbsp;<\/p>\n","protected":false},"excerpt":{"rendered":"<p>Na z\u00e1klad\u011b aktu\u00e1ln\u00edho rozhodnut\u00ed ministra zdravotnictv\u00ed \u010cR do\u0161lo k&nbsp;roz\u0161\u00ed\u0159en\u00ed skupiny chronicky nemocn\u00fdch pacient\u016f, jim\u017e m\u016f\u017ee b\u00fdt poskytnut k\u00f3d pro registraci do Centr\u00e1ln\u00edho rezerva\u010dn\u00edho syst\u00e9mu pro o\u010dkov\u00e1n\u00ed proti COVID-19. Do aktu\u00e1ln\u00edho seznamu byli nov\u011b za\u0159azeni i nemocn\u00ed s&nbsp;idiopatick\u00fdmi st\u0159evn\u00edmi z\u00e1n\u011bty (viz p\u0159\u00edloha), a to s&nbsp;platnost\u00ed od pond\u011bl\u00ed 12.4.2021. Nad\u00e1le z\u016fst\u00e1v\u00e1 i mo\u017enost vakcinace pacient\u016f s&nbsp;IBD v&nbsp;ordinac\u00edch <a class=\"read-more\" href=\"https:\/\/www.cgs-cls.cz\/aktualni-informace-o-vakcinaci-ibd-pacientu-dle-soucasneho-pokynu-mz-cr\/\">[&#8230;]<\/a><\/p>\n","protected":false},"author":1,"featured_media":6604,"ping_status":"closed","sticky":false,"template":"","format":"standard","meta":{"_acf_changed":false},"categories":[1],"tags":[],"class_list":["post-6603","post","type-post","status-publish","has-post-thumbnail","hentry","category-uncategorized"],"acf":[],"_links":{"self":[{"href":"https:\/\/www.cgs-cls.cz\/api\/wp\/v2\/posts\/6603","targetHints":{"allow":["GET"]}}],"collection":[{"href":"https:\/\/www.cgs-cls.cz\/api\/wp\/v2\/posts"}],"about":[{"href":"https:\/\/www.cgs-cls.cz\/api\/wp\/v2\/types\/post"}],"author":[{"embeddable":true,"href":"https:\/\/www.cgs-cls.cz\/api\/wp\/v2\/users\/1"}],"version-history":[{"count":0,"href":"https:\/\/www.cgs-cls.cz\/api\/wp\/v2\/posts\/6603\/revisions"}],"wp:featuredmedia":[{"embeddable":true,"href":"https:\/\/www.cgs-cls.cz\/api\/wp\/v2\/media\/6604"}],"wp:attachment":[{"href":"https:\/\/www.cgs-cls.cz\/api\/wp\/v2\/media?parent=6603"}],"wp:term":[{"taxonomy":"category","embeddable":true,"href":"https:\/\/www.cgs-cls.cz\/api\/wp\/v2\/categories?post=6603"},{"taxonomy":"post_tag","embeddable":true,"href":"https:\/\/www.cgs-cls.cz\/api\/wp\/v2\/tags?post=6603"}],"curies":[{"name":"wp","href":"https:\/\/api.w.org\/{rel}","templated":true}]}}