{"id":6890,"date":"2021-11-02T21:12:27","date_gmt":"2021-11-02T20:12:27","guid":{"rendered":"https:\/\/www.cgs-cls.cz\/?p=6890"},"modified":"2024-06-18T12:05:07","modified_gmt":"2024-06-18T10:05:07","slug":"pozdrav-z-beninske-gastroenterologicke-spolecnosti-v-ramci-7-kongresu-ceske-gastroenterologicke-spolecnosti","status":"publish","type":"post","link":"https:\/\/www.cgs-cls.cz\/pozdrav-z-beninske-gastroenterologicke-spolecnosti-v-ramci-7-kongresu-ceske-gastroenterologicke-spolecnosti\/","title":{"rendered":"Pozdrav z&nbsp;Beninsk\u00e9 gastroenterologick\u00e9 spole\u010dnosti v&nbsp;r\u00e1mci 7.&nbsp;kongresu \u010cesk\u00e9 gastroenterologick\u00e9 spole\u010dnosti"},"content":{"rendered":"<p><span style=\"background-color: #ffffff;\">Dr. <\/span>Aboudou<span style=\"background-color: #ffffff;\"> <\/span>Ra\u00efmi<span style=\"background-color: #ffffff;\"> <\/span>Kpossou<span style=\"background-color: #ffffff;\">, vice-prezident <\/span>Beninsk\u00e9<span style=\"background-color: #ffffff;\"> <\/span>gastroenterologick\u00e9<span style=\"background-color: #ffffff;\"> spole\u010dnosti zaslal <\/span><a href=\"https:\/\/www.cgs-cls.cz\/wp-content\/uploads\/2021\/11\/vid-20211030-wa0003.mp4\">videopozdrav<\/a><span style=\"background-color: #ffffff;\"> v&nbsp;r\u00e1mci po\u0159\u00e1d\u00e1n\u00ed 7.&nbsp;kongresu <\/span>\u010cesk\u00e9<span style=\"background-color: #ffffff;\"> <\/span>gastroenterologick\u00e9<span style=\"background-color: #ffffff;\"> spole\u010dnosti. V\u011b\u0159\u00edme, \u017ee v&nbsp;p\u0159\u00ed\u0161t\u00edm roce budeme moci uv\u00edtat celou delegaci z&nbsp;<\/span>Beninu<span style=\"background-color: #ffffff;\">.\u00a0<\/span><\/p>\n","protected":false},"excerpt":{"rendered":"<p>Dr. Aboudou Ra\u00efmi Kpossou, vice-prezident Beninsk\u00e9 gastroenterologick\u00e9 spole\u010dnosti zaslal videopozdrav v&nbsp;r\u00e1mci po\u0159\u00e1d\u00e1n\u00ed 7.&nbsp;kongresu \u010cesk\u00e9 gastroenterologick\u00e9 spole\u010dnosti. V\u011b\u0159\u00edme, \u017ee v&nbsp;p\u0159\u00ed\u0161t\u00edm roce budeme moci uv\u00edtat celou delegaci z&nbsp;Beninu.\u00a0<\/p>\n","protected":false},"author":1,"featured_media":6893,"ping_status":"closed","sticky":false,"template":"","format":"standard","meta":{"_acf_changed":false},"categories":[1],"tags":[],"class_list":["post-6890","post","type-post","status-publish","has-post-thumbnail","hentry","category-uncategorized"],"acf":[],"_links":{"self":[{"href":"https:\/\/www.cgs-cls.cz\/api\/wp\/v2\/posts\/6890","targetHints":{"allow":["GET"]}}],"collection":[{"href":"https:\/\/www.cgs-cls.cz\/api\/wp\/v2\/posts"}],"about":[{"href":"https:\/\/www.cgs-cls.cz\/api\/wp\/v2\/types\/post"}],"author":[{"embeddable":true,"href":"https:\/\/www.cgs-cls.cz\/api\/wp\/v2\/users\/1"}],"version-history":[{"count":0,"href":"https:\/\/www.cgs-cls.cz\/api\/wp\/v2\/posts\/6890\/revisions"}],"wp:featuredmedia":[{"embeddable":true,"href":"https:\/\/www.cgs-cls.cz\/api\/wp\/v2\/media\/6893"}],"wp:attachment":[{"href":"https:\/\/www.cgs-cls.cz\/api\/wp\/v2\/media?parent=6890"}],"wp:term":[{"taxonomy":"category","embeddable":true,"href":"https:\/\/www.cgs-cls.cz\/api\/wp\/v2\/categories?post=6890"},{"taxonomy":"post_tag","embeddable":true,"href":"https:\/\/www.cgs-cls.cz\/api\/wp\/v2\/tags?post=6890"}],"curies":[{"name":"wp","href":"https:\/\/api.w.org\/{rel}","templated":true}]}}