{"id":9159,"date":"2025-03-08T18:38:12","date_gmt":"2025-03-08T17:38:12","guid":{"rendered":"https:\/\/www.cgs-cls.cz\/?p=9159"},"modified":"2025-03-08T18:52:54","modified_gmt":"2025-03-08T17:52:54","slug":"ohlednuti-za-atmosferou-18-vzdelavacich-a-diskuznich-gastroenterologickych-dnu","status":"publish","type":"post","link":"https:\/\/www.cgs-cls.cz\/ohlednuti-za-atmosferou-18-vzdelavacich-a-diskuznich-gastroenterologickych-dnu\/","title":{"rendered":"Ohl\u00e9dnut\u00ed za atmosf\u00e9rou 18.&nbsp;vzd\u011bl\u00e1vac\u00edch a diskuzn\u00edch gastroenterologick\u00fdch dn\u016f"},"content":{"rendered":"<div class=\"css-175oi2r\">\n<div id=\"id__ol3pfjz774s\" class=\"css-146c3p1 r-8akbws r-krxsd3 r-dnmrzs r-1udh08x r-1udbk01 r-bcqeeo r-1ttztb7 r-qvutc0 r-37j5jr r-a023e6 r-rjixqe r-16dba41 r-bnwqim\" data-testid=\"tweetText\"><span class=\"css-1jxf684 r-bcqeeo r-1ttztb7 r-qvutc0 r-poiln3\">Ve dnech 14.-16.&nbsp;11.&nbsp;2024 se konaly v&nbsp;Karlov\u00fdch Varech 18.&nbsp;vzd\u011bl\u00e1vac\u00ed a diskuzn\u00ed gastroenterologick\u00e9 dny.<br \/>\nM\u00e1te-li chu\u0165 p\u0159ipomenout si atmosf\u00e9ru tohoto kongresu pod\u00edvejte se na aftermovie n\u00ed\u017ee.<br \/>\nDal\u0161\u00ed videa naleznete zde: <\/span><a class=\"css-1jxf684 r-bcqeeo r-1ttztb7 r-qvutc0 r-poiln3 r-1loqt21\" dir=\"ltr\" role=\"link\" href=\"https:\/\/t.co\/J4C4T8JOha\" target=\"_blank\" rel=\"noopener noreferrer nofollow\"><span class=\"css-1jxf684 r-bcqeeo r-1ttztb7 r-qvutc0 r-poiln3 r-qlhcfr r-qvk6io\" aria-hidden=\"true\">https:\/\/<\/span>gastrodny.cz\/videonovinky<\/a><\/div>\n<div data-testid=\"tweetText\"><\/div>\n<div data-testid=\"tweetText\">\n<p>&nbsp;<\/p>\n<div>\n<div class=\"video-container youtube\" style=\"padding-bottom: 56.2%\"><iframe loading=\"lazy\" title=\"Aftermovie \u2013 18. vzd\u011bl\u00e1vac\u00ed a diskuzn\u00ed gastroenterologick\u00e9 dny\" width=\"500\" height=\"281\" src=\"https:\/\/www.youtube.com\/embed\/yKh7lFOdZcE?start=4&#038;feature=oembed\" frameborder=\"0\" allow=\"accelerometer; autoplay; clipboard-write; encrypted-media; gyroscope; picture-in-picture; web-share\" referrerpolicy=\"strict-origin-when-cross-origin\" allowfullscreen><\/iframe><\/div>\n<\/div>\n<\/div>\n<\/div>\n","protected":false},"excerpt":{"rendered":"<p>M\u00e1te-li chu\u0165 p\u0159ipomenout si atmosf\u00e9ru tohoto kongresu pod\u00edvejte se na aftermovie.<\/p>\n","protected":false},"author":7,"featured_media":9161,"ping_status":"closed","sticky":false,"template":"","format":"standard","meta":{"_acf_changed":false},"categories":[1],"tags":[],"class_list":["post-9159","post","type-post","status-publish","has-post-thumbnail","hentry","category-uncategorized"],"acf":[],"_links":{"self":[{"href":"https:\/\/www.cgs-cls.cz\/api\/wp\/v2\/posts\/9159","targetHints":{"allow":["GET"]}}],"collection":[{"href":"https:\/\/www.cgs-cls.cz\/api\/wp\/v2\/posts"}],"about":[{"href":"https:\/\/www.cgs-cls.cz\/api\/wp\/v2\/types\/post"}],"author":[{"embeddable":true,"href":"https:\/\/www.cgs-cls.cz\/api\/wp\/v2\/users\/7"}],"version-history":[{"count":0,"href":"https:\/\/www.cgs-cls.cz\/api\/wp\/v2\/posts\/9159\/revisions"}],"wp:featuredmedia":[{"embeddable":true,"href":"https:\/\/www.cgs-cls.cz\/api\/wp\/v2\/media\/9161"}],"wp:attachment":[{"href":"https:\/\/www.cgs-cls.cz\/api\/wp\/v2\/media?parent=9159"}],"wp:term":[{"taxonomy":"category","embeddable":true,"href":"https:\/\/www.cgs-cls.cz\/api\/wp\/v2\/categories?post=9159"},{"taxonomy":"post_tag","embeddable":true,"href":"https:\/\/www.cgs-cls.cz\/api\/wp\/v2\/tags?post=9159"}],"curies":[{"name":"wp","href":"https:\/\/api.w.org\/{rel}","templated":true}]}}